{"id":5383,"date":"2024-03-19T12:16:00","date_gmt":"2024-03-19T12:16:00","guid":{"rendered":"https:\/\/eskariam.com\/?p=5383"},"modified":"2024-09-26T13:57:41","modified_gmt":"2024-09-26T13:57:41","slug":"livestock-farmers-will-be-able-to-claim-until-september-for-the-economic-losses-suffered-by-the-milk-cartel-between-2000-and-2013-eskariam-reports","status":"publish","type":"post","link":"https:\/\/eskariam.com\/en\/livestock-farmers-will-be-able-to-claim-until-september-for-the-economic-losses-suffered-by-the-milk-cartel-between-2000-and-2013-eskariam-reports\/","title":{"rendered":"Livestock farmers will be able to claim until September for the economic losses suffered by the Milk Cartel between 2000 and 2013, ESKARIAM reports"},"content":{"rendered":"\n<p>Following the rulings of the Audiencia Nacional confirming the Milk Cartel, and the period during which it operated, thousands of farmers affected by the anti-competitive practices of the cartelised dairy companies will be able, on a reasonably conservative interpretation of current legislation, to complain until 24 September.<\/p>\n\n\n<div class=\"wp-block-image\">\n<figure class=\"aligncenter size-full is-resized\"><img decoding=\"async\" width=\"1132\" height=\"856\" src=\"https:\/\/eskariam.com\/wp-content\/uploads\/Los-ganaderos-podran-reclamar-hasta-septiembre-las-perdidas-economicas.jpg\" alt=\"\" class=\"wp-image-4725\" style=\"width:590px;height:auto\" srcset=\"https:\/\/eskariam.com\/wp-content\/uploads\/Los-ganaderos-podran-reclamar-hasta-septiembre-las-perdidas-economicas.jpg 1132w, https:\/\/eskariam.com\/wp-content\/uploads\/Los-ganaderos-podran-reclamar-hasta-septiembre-las-perdidas-economicas-768x581.jpg 768w, https:\/\/eskariam.com\/wp-content\/uploads\/Los-ganaderos-podran-reclamar-hasta-septiembre-las-perdidas-economicas-193x146.jpg 193w, https:\/\/eskariam.com\/wp-content\/uploads\/Los-ganaderos-podran-reclamar-hasta-septiembre-las-perdidas-economicas-50x38.jpg 50w, https:\/\/eskariam.com\/wp-content\/uploads\/Los-ganaderos-podran-reclamar-hasta-septiembre-las-perdidas-economicas-99x75.jpg 99w\" sizes=\"(max-width:767px) 480px, (max-width:1132px) 100vw, 1132px\" \/><figcaption class=\"wp-element-caption\">David Fern\u00e1ndez with Roberto L\u00f3pez, spokesman for the\u00a0Agromuralla\u00a0association in Lugo.\u00a0<\/figcaption><\/figure>\n<\/div>\n\n\n<div style=\"height:26px\" aria-hidden=\"true\" class=\"wp-block-spacer\"><\/div>\n\n\n\n<p>We wanted to pay a personal visit to the livestock farmers who have placed their trust in us, Galicia being one of the regions most affected by the Milk Cartel.<\/p>\n\n\n\n<p>The response of the livestock farmers to the decisions of the Audiencia Nacional (National Court) confirming the cartel has been very positive. For them, the motivation for this claim goes beyond the economic aspect, it is the confirmation by the Spanish justice system of an anti-competitive practice carried out by the cartelised companies which, at present, continue to deny what happened.<\/p>\n\n\n\n<div style=\"height:34px\" aria-hidden=\"true\" class=\"wp-block-spacer\"><\/div>\n\n\n<div class=\"wp-block-image\">\n<figure class=\"aligncenter size-full is-resized\"><img decoding=\"async\" width=\"1130\" height=\"640\" src=\"https:\/\/eskariam.com\/wp-content\/uploads\/Juan-Alvarez-y-David-Fernandez-en-el-encuentro-con-ganaderos-en-Santa-Comba-La-Coruna.-.jpg\" alt=\"\" class=\"wp-image-4729\" style=\"width:722px;height:auto\" srcset=\"https:\/\/eskariam.com\/wp-content\/uploads\/Juan-Alvarez-y-David-Fernandez-en-el-encuentro-con-ganaderos-en-Santa-Comba-La-Coruna.-.jpg 1130w, https:\/\/eskariam.com\/wp-content\/uploads\/Juan-Alvarez-y-David-Fernandez-en-el-encuentro-con-ganaderos-en-Santa-Comba-La-Coruna.--768x435.jpg 768w, https:\/\/eskariam.com\/wp-content\/uploads\/Juan-Alvarez-y-David-Fernandez-en-el-encuentro-con-ganaderos-en-Santa-Comba-La-Coruna.--258x146.jpg 258w, https:\/\/eskariam.com\/wp-content\/uploads\/Juan-Alvarez-y-David-Fernandez-en-el-encuentro-con-ganaderos-en-Santa-Comba-La-Coruna.--50x28.jpg 50w, https:\/\/eskariam.com\/wp-content\/uploads\/Juan-Alvarez-y-David-Fernandez-en-el-encuentro-con-ganaderos-en-Santa-Comba-La-Coruna.--132x75.jpg 132w\" sizes=\"(max-width:767px) 480px, (max-width:1130px) 100vw, 1130px\" \/><figcaption class=\"wp-element-caption\">Juan \u00c1lvarez and David Fern\u00e1ndez at the meeting with livestock farmers in Santa Comba, La Coru\u00f1a.<\/figcaption><\/figure>\n<\/div>\n\n\n<div style=\"height:32px\" aria-hidden=\"true\" class=\"wp-block-spacer\"><\/div>\n\n\n\n<h2 class=\"wp-block-heading\"><strong><strong>ESKARIAM, in the Galician media<\/strong><\/strong><\/h2>\n\n\n\n<p>In Galicia there are 52,000 livestock farmers who could have been affected by the Milk Cartel. ESKARIAM is visiting many Galician towns to inform farmers that it is possible to claim the corresponding compensation.&nbsp;<\/p>\n\n\n\n<p>ESKARIAM&#8217;s presence in Galicia has been echoed by regional media such as<em>&nbsp;<\/em><a href=\"https:\/\/www.laopinioncoruna.es\/galicia\/2024\/03\/15\/ganaderos-podran-reclamar-indemnizaciones-cartel-99494265.html\" rel=\"nofollow noopener\" target=\"_blank\"><em>La&nbsp;<\/em><em>Opini\u00f3n<\/em><em>&nbsp;de A Coru\u00f1a<\/em><\/a>,&nbsp;<a href=\"https:\/\/www.elprogreso.es\/articulo\/comarcas\/reclamaciones-cartel-leche-podran-tramitar-septiembre\/202403151023011739502.html\" rel=\"nofollow noopener\" target=\"_blank\"><em>El&nbsp;<\/em><em>Progreso<\/em><\/a>,&nbsp;<a href=\"https:\/\/www.g24.gal\/-\/agromuralla-anima-os-gandeiros-a-reclamar-polo-cartel-do-leite\" rel=\"nofollow noopener\" target=\"_blank\"><em>Televisi\u00f3n de Galicia<\/em><\/a>,&nbsp;<a href=\"https:\/\/www.nosdiario.gal\/articulo\/economia\/ate-cando-poderan-gandarias-reclamar-perdas-derivadas-do-cartel-do-leite\/20240314215902193087.html\" rel=\"nofollow noopener\" target=\"_blank\"><em>Nos&nbsp;<\/em><em>Diario<\/em><\/a>, and economic media such as&nbsp;<a href=\"https:\/\/forbes.es\/economia\/426950\/los-ganaderos-podran-reclamar-indemnizaciones-a-las-lacteas-por-el-cartel-de-la-leche-hasta-septiembre-de-2024\/\" rel=\"nofollow noopener\" target=\"_blank\"><em>Forbes<\/em><\/a>,&nbsp;<a href=\"https:\/\/www.bolsamania.com\/noticias\/empresas\/economia-los-ganaderos-podran-reclamar-indemnizaciones-a-las-lacteas-por-el-cartel-de-la-leche-hasta-septiembre-de-2024--16437330.html\" rel=\"nofollow noopener\" target=\"_blank\"><em>Bolsaman\u00eda<\/em><\/a>&nbsp;or&nbsp;<a href=\"https:\/\/www.economiadigital.es\/galicia\/empresas\/los-ganaderos-afectados-por-el-cartel-de-la-leche-podran-reclamar-indemnizaciones-hasta-septiembre.html\" rel=\"nofollow noopener\" target=\"_blank\"><em>Econom\u00eda Digital<\/em><\/a>, and also in the programme&nbsp;<a href=\"https:\/\/www.cope.es\/emisoras\/galicia\/lugo-provincia\/lugo\/mundo-agrario-en-lugo\/noticias\/bajara-precio-leche-las-granjas-gallegas-20240316_3199196\" rel=\"nofollow noopener\" target=\"_blank\"><em>Mundo&nbsp;<\/em><em>Agrario<\/em><\/a><em>&nbsp;<\/em>on COPE.&nbsp;<\/p>\n\n\n\n<p><a href=\"https:\/\/eskariam.com\/\">ESKARIAM<\/a>&nbsp;is currently advising more than 7,000 farmers affected by the Milk Cartel, mostly located in Galicia, Castilla y Le\u00f3n, Catalonia, Asturias and Cantabria.\u202f<\/p>\n\n\n\n<p>If you are one of those affected, contact&nbsp;<a href=\"https:\/\/eskariam.com\/\">ESKARIAM<\/a>&nbsp;and we will advise you, free of charge and without obligation, on the next legal steps to take. You can do so through&nbsp;<a href=\"https:\/\/eskariam.com\/cartel-de-leche\/\">our website<\/a>, by calling 91 999 22 99 or by emailing us at&nbsp;<a href=\"mailto:carteldeleche@eskariam.com\">carteldeleche@eskariam.com.<\/a>\u202f<\/p>\n\n\n\n<p><\/p>\n","protected":false},"excerpt":{"rendered":"<p>Our CEO David Fern\u00e1ndez and COO Juan \u00c1lvarez confirmed it in the press conference organised by AGROMURALLA, in Lugo, and in the meeting held in Santa Comba, La Coru\u00f1a, with livestock farmers in the area.<\/p>\n","protected":false},"author":18,"featured_media":4738,"comment_status":"closed","ping_status":"closed","sticky":false,"template":"","format":"standard","meta":{"_acf_changed":false,"footnotes":""},"categories":[90],"tags":[154,113,115,95,128,99],"class_list":["post-5383","post","type-post","status-publish","format-standard","has-post-thumbnail","hentry","category-news","tag-afectados-en","tag-cartel-de-la-leche-en","tag-demandas-colectivas-en","tag-eskariam-en","tag-reclamaciones-colectivas-en","tag-sector-legal-en"],"acf":[],"_links":{"self":[{"href":"https:\/\/eskariam.com\/en\/wp-json\/wp\/v2\/posts\/5383","targetHints":{"allow":["GET"]}}],"collection":[{"href":"https:\/\/eskariam.com\/en\/wp-json\/wp\/v2\/posts"}],"about":[{"href":"https:\/\/eskariam.com\/en\/wp-json\/wp\/v2\/types\/post"}],"author":[{"embeddable":true,"href":"https:\/\/eskariam.com\/en\/wp-json\/wp\/v2\/users\/18"}],"replies":[{"embeddable":true,"href":"https:\/\/eskariam.com\/en\/wp-json\/wp\/v2\/comments?post=5383"}],"version-history":[{"count":1,"href":"https:\/\/eskariam.com\/en\/wp-json\/wp\/v2\/posts\/5383\/revisions"}],"predecessor-version":[{"id":5384,"href":"https:\/\/eskariam.com\/en\/wp-json\/wp\/v2\/posts\/5383\/revisions\/5384"}],"wp:featuredmedia":[{"embeddable":true,"href":"https:\/\/eskariam.com\/en\/wp-json\/wp\/v2\/media\/4738"}],"wp:attachment":[{"href":"https:\/\/eskariam.com\/en\/wp-json\/wp\/v2\/media?parent=5383"}],"wp:term":[{"taxonomy":"category","embeddable":true,"href":"https:\/\/eskariam.com\/en\/wp-json\/wp\/v2\/categories?post=5383"},{"taxonomy":"post_tag","embeddable":true,"href":"https:\/\/eskariam.com\/en\/wp-json\/wp\/v2\/tags?post=5383"}],"curies":[{"name":"wp","href":"https:\/\/api.w.org\/{rel}","templated":true}]}}